{"id":1998,"date":"2019-02-27T10:58:36","date_gmt":"2019-02-27T09:58:36","guid":{"rendered":"http:\/\/ki5.fr\/?p=1998"},"modified":"2019-02-27T11:01:00","modified_gmt":"2019-02-27T10:01:00","slug":"a-quoi-correspond-la-saison-du-printemps-en-mtc","status":"publish","type":"post","link":"https:\/\/ki5.fr\/index.php\/2019\/02\/27\/a-quoi-correspond-la-saison-du-printemps-en-mtc\/","title":{"rendered":"A quoi correspond la saison  du printemps en MTC*"},"content":{"rendered":"\n<p>C&#8217;est le printemps depuis le 04 f\u00e9vrier pour la m\u00e9decine traditionnelle chinoise* cela correspondant \u00e0 l&#8217;\u00e9l\u00e9ment bois, saison du foie \ud83c\udf31\ud83c\udf1e\ud83c\udf3e\ud83c\udf3b<\/p>\n\n\n\n<p> Place au temps pour le changement avec mod\u00e9ration \ud83d\ude09<\/p>\n\n\n\n<p>\n Le printemps laisse la place au renouveau. C&#8217;est la p\u00e9riode de la \nrenaissance, la nature s&#8217;\u00e9veille. Les animaux sortent de leur \nhibernation, les feuilles repoussent, les fleurs commencent a \napparaitre. La nature s&#8217;illumine mais pour cela elle a besoin \nd&#8217;\u00e9nergie&#8230; Chez l&#8217;homme un mouvement similaire s&#8217;op\u00e8re.<\/p>\n\n\n\n<p> Vous \nvous sentez plus \u00e9nergique, avec de nouvelles envies, le besoin de \nsortir, de faire plus d&#8217;activit\u00e9 physique, de profiter des gens et de \nl&#8217;ext\u00e9rieur, le temps id\u00e9al pour se lancer dans de nouveaux projets&#8230;.<\/p>\n\n\n\n<p>\n L&#8217;organe correspondant \u00e0 cette saison est le Foie garant de notre bonne\n \u00e9nergie mais il peut y avoir un d\u00e9s\u00e9quilibre. Dans ce cas vous \nressentirez de grandes fatigues, de l&#8217;impatience, de l&#8217;agacement, des \ninsomnies, de la col\u00e8re&#8230;<\/p>\n\n\n\n<p> Pour vous pr\u00e9venir de ces d\u00e9s\u00e9quilibres, le maitre mot est temp\u00e9rance. Ne pas se laisser emporter par l&#8217;\u00e9nergie de la saison.<\/p>\n\n\n\n<p>\n C&#8217;est le moment de poser les choses, de hi\u00e9rarchiser vos pens\u00e9es, de ne\n pas s&#8217;\u00e9parpiller. De faire chaque chose en son temps. Comme la nature \ngrandissez petit \u00e0 petit&#8230;.<\/p>\n\n\n\n<p> Comment faire \ud83e\udd14<\/p>\n\n\n\n<p>\n Pratiquez des exercices de respiration et de relaxation. Prenez le \ntemps d&#8217;observer et de ressentir la nature qui s\u2019\u00e9veille en vous \npromenant. Profitez de l&#8217;instant pr\u00e9sent \ud83d\ude4f\ud83d\ude0c<\/p>\n\n\n\n<p>\n Sur le plan \u00e9motionnel cultivez les vertus qui sont la patience et la \ngentillesse pour faire face aux \u00e9tats col\u00e9riques qui peuvent vous \nenvahir durant cette saison.<\/p>\n\n\n\n<p> Prenez soin de votre corps dans le repos et la douceur. Le Shiatsu peut vous y aider&#8230;.\ud83d\ude09<\/p>\n","protected":false},"excerpt":{"rendered":"<p>C&#8217;est le printemps depuis le 04 f\u00e9vrier pour la m\u00e9decine traditionnelle chinoise* cela correspondant \u00e0 l&#8217;\u00e9l\u00e9ment bois, saison du foie \ud83c\udf31\ud83c\udf1e\ud83c\udf3e\ud83c\udf3b Place au temps pour le changement avec mod\u00e9ration \ud83d\ude09 Le printemps laisse la place au renouveau. C&#8217;est la p\u00e9riode de la renaissance, la nature s&#8217;\u00e9veille. Les animaux sortent de leur hibernation, les feuilles repoussent, [&hellip;]<\/p>\n","protected":false},"author":1,"featured_media":1999,"comment_status":"open","ping_status":"open","sticky":false,"template":"","format":"standard","meta":{"site-sidebar-layout":"default","site-content-layout":"","ast-site-content-layout":"default","site-content-style":"default","site-sidebar-style":"default","ast-global-header-display":"","ast-banner-title-visibility":"","ast-main-header-display":"","ast-hfb-above-header-display":"","ast-hfb-below-header-display":"","ast-hfb-mobile-header-display":"","site-post-title":"","ast-breadcrumbs-content":"","ast-featured-img":"","footer-sml-layout":"","ast-disable-related-posts":"","theme-transparent-header-meta":"","adv-header-id-meta":"","stick-header-meta":"","header-above-stick-meta":"","header-main-stick-meta":"","header-below-stick-meta":"","astra-migrate-meta-layouts":"default","ast-page-background-enabled":"default","ast-page-background-meta":{"desktop":{"background-color":"var(--ast-global-color-4)","background-image":"","background-repeat":"repeat","background-position":"center center","background-size":"auto","background-attachment":"scroll","background-type":"","background-media":"","overlay-type":"","overlay-color":"","overlay-opacity":"","overlay-gradient":""},"tablet":{"background-color":"","background-image":"","background-repeat":"repeat","background-position":"center center","background-size":"auto","background-attachment":"scroll","background-type":"","background-media":"","overlay-type":"","overlay-color":"","overlay-opacity":"","overlay-gradient":""},"mobile":{"background-color":"","background-image":"","background-repeat":"repeat","background-position":"center center","background-size":"auto","background-attachment":"scroll","background-type":"","background-media":"","overlay-type":"","overlay-color":"","overlay-opacity":"","overlay-gradient":""}},"ast-content-background-meta":{"desktop":{"background-color":"var(--ast-global-color-5)","background-image":"","background-repeat":"repeat","background-position":"center center","background-size":"auto","background-attachment":"scroll","background-type":"","background-media":"","overlay-type":"","overlay-color":"","overlay-opacity":"","overlay-gradient":""},"tablet":{"background-color":"var(--ast-global-color-5)","background-image":"","background-repeat":"repeat","background-position":"center center","background-size":"auto","background-attachment":"scroll","background-type":"","background-media":"","overlay-type":"","overlay-color":"","overlay-opacity":"","overlay-gradient":""},"mobile":{"background-color":"var(--ast-global-color-5)","background-image":"","background-repeat":"repeat","background-position":"center center","background-size":"auto","background-attachment":"scroll","background-type":"","background-media":"","overlay-type":"","overlay-color":"","overlay-opacity":"","overlay-gradient":""}},"footnotes":""},"categories":[1],"tags":[],"class_list":["post-1998","post","type-post","status-publish","format-standard","has-post-thumbnail","hentry","category-non-classe"],"yoast_head":"<!-- This site is optimized with the Yoast SEO plugin v27.5 - https:\/\/yoast.com\/product\/yoast-seo-wordpress\/ -->\n<title>A quoi correspond la saison du printemps en MTC* - Studio Ki&#039;5<\/title>\n<meta name=\"robots\" content=\"index, follow, max-snippet:-1, max-image-preview:large, max-video-preview:-1\" \/>\n<link rel=\"canonical\" href=\"https:\/\/ki5.fr\/index.php\/2019\/02\/27\/a-quoi-correspond-la-saison-du-printemps-en-mtc\/\" \/>\n<meta property=\"og:locale\" content=\"fr_FR\" \/>\n<meta property=\"og:type\" content=\"article\" \/>\n<meta property=\"og:title\" content=\"A quoi correspond la saison du printemps en MTC* - Studio Ki&#039;5\" \/>\n<meta property=\"og:description\" content=\"C&#8217;est le printemps depuis le 04 f\u00e9vrier pour la m\u00e9decine traditionnelle chinoise* cela correspondant \u00e0 l&#8217;\u00e9l\u00e9ment bois, saison du foie \ud83c\udf31\ud83c\udf1e\ud83c\udf3e\ud83c\udf3b Place au temps pour le changement avec mod\u00e9ration \ud83d\ude09 Le printemps laisse la place au renouveau. C&#8217;est la p\u00e9riode de la renaissance, la nature s&#8217;\u00e9veille. Les animaux sortent de leur hibernation, les feuilles repoussent, [&hellip;]\" \/>\n<meta property=\"og:url\" content=\"https:\/\/ki5.fr\/index.php\/2019\/02\/27\/a-quoi-correspond-la-saison-du-printemps-en-mtc\/\" \/>\n<meta property=\"og:site_name\" content=\"Studio Ki&#039;5\" \/>\n<meta property=\"article:publisher\" content=\"https:\/\/www.facebook.com\/Studio-KI5-1740879346216167\/\" \/>\n<meta property=\"article:published_time\" content=\"2019-02-27T09:58:36+00:00\" \/>\n<meta property=\"article:modified_time\" content=\"2019-02-27T10:01:00+00:00\" \/>\n<meta property=\"og:image\" content=\"https:\/\/ki5.fr\/wp-content\/uploads\/2019\/02\/19620351_1695906497103702_5057166583262119140_o.jpg\" \/>\n\t<meta property=\"og:image:width\" content=\"1600\" \/>\n\t<meta property=\"og:image:height\" content=\"1000\" \/>\n\t<meta property=\"og:image:type\" content=\"image\/jpeg\" \/>\n<meta name=\"author\" content=\"dywbxn tutu\" \/>\n<meta name=\"twitter:card\" content=\"summary_large_image\" \/>\n<meta name=\"twitter:label1\" content=\"\u00c9crit par\" \/>\n\t<meta name=\"twitter:data1\" content=\"dywbxn tutu\" \/>\n\t<meta name=\"twitter:label2\" content=\"Dur\u00e9e de lecture estim\u00e9e\" \/>\n\t<meta name=\"twitter:data2\" content=\"1 minute\" \/>\n<script type=\"application\/ld+json\" class=\"yoast-schema-graph\">{\"@context\":\"https:\\\/\\\/schema.org\",\"@graph\":[{\"@type\":\"Article\",\"@id\":\"https:\\\/\\\/ki5.fr\\\/index.php\\\/2019\\\/02\\\/27\\\/a-quoi-correspond-la-saison-du-printemps-en-mtc\\\/#article\",\"isPartOf\":{\"@id\":\"https:\\\/\\\/ki5.fr\\\/index.php\\\/2019\\\/02\\\/27\\\/a-quoi-correspond-la-saison-du-printemps-en-mtc\\\/\"},\"author\":{\"name\":\"dywbxn tutu\",\"@id\":\"https:\\\/\\\/ki5.fr\\\/#\\\/schema\\\/person\\\/48e5ee5fa811e2095ae212c2bc779d11\"},\"headline\":\"A quoi correspond la saison du printemps en MTC*\",\"datePublished\":\"2019-02-27T09:58:36+00:00\",\"dateModified\":\"2019-02-27T10:01:00+00:00\",\"mainEntityOfPage\":{\"@id\":\"https:\\\/\\\/ki5.fr\\\/index.php\\\/2019\\\/02\\\/27\\\/a-quoi-correspond-la-saison-du-printemps-en-mtc\\\/\"},\"wordCount\":311,\"commentCount\":0,\"publisher\":{\"@id\":\"https:\\\/\\\/ki5.fr\\\/#organization\"},\"image\":{\"@id\":\"https:\\\/\\\/ki5.fr\\\/index.php\\\/2019\\\/02\\\/27\\\/a-quoi-correspond-la-saison-du-printemps-en-mtc\\\/#primaryimage\"},\"thumbnailUrl\":\"https:\\\/\\\/ki5.fr\\\/wp-content\\\/uploads\\\/2019\\\/02\\\/19620351_1695906497103702_5057166583262119140_o.jpg\",\"inLanguage\":\"fr-FR\",\"potentialAction\":[{\"@type\":\"CommentAction\",\"name\":\"Comment\",\"target\":[\"https:\\\/\\\/ki5.fr\\\/index.php\\\/2019\\\/02\\\/27\\\/a-quoi-correspond-la-saison-du-printemps-en-mtc\\\/#respond\"]}]},{\"@type\":\"WebPage\",\"@id\":\"https:\\\/\\\/ki5.fr\\\/index.php\\\/2019\\\/02\\\/27\\\/a-quoi-correspond-la-saison-du-printemps-en-mtc\\\/\",\"url\":\"https:\\\/\\\/ki5.fr\\\/index.php\\\/2019\\\/02\\\/27\\\/a-quoi-correspond-la-saison-du-printemps-en-mtc\\\/\",\"name\":\"A quoi correspond la saison du printemps en MTC* - Studio Ki&#039;5\",\"isPartOf\":{\"@id\":\"https:\\\/\\\/ki5.fr\\\/#website\"},\"primaryImageOfPage\":{\"@id\":\"https:\\\/\\\/ki5.fr\\\/index.php\\\/2019\\\/02\\\/27\\\/a-quoi-correspond-la-saison-du-printemps-en-mtc\\\/#primaryimage\"},\"image\":{\"@id\":\"https:\\\/\\\/ki5.fr\\\/index.php\\\/2019\\\/02\\\/27\\\/a-quoi-correspond-la-saison-du-printemps-en-mtc\\\/#primaryimage\"},\"thumbnailUrl\":\"https:\\\/\\\/ki5.fr\\\/wp-content\\\/uploads\\\/2019\\\/02\\\/19620351_1695906497103702_5057166583262119140_o.jpg\",\"datePublished\":\"2019-02-27T09:58:36+00:00\",\"dateModified\":\"2019-02-27T10:01:00+00:00\",\"breadcrumb\":{\"@id\":\"https:\\\/\\\/ki5.fr\\\/index.php\\\/2019\\\/02\\\/27\\\/a-quoi-correspond-la-saison-du-printemps-en-mtc\\\/#breadcrumb\"},\"inLanguage\":\"fr-FR\",\"potentialAction\":[{\"@type\":\"ReadAction\",\"target\":[\"https:\\\/\\\/ki5.fr\\\/index.php\\\/2019\\\/02\\\/27\\\/a-quoi-correspond-la-saison-du-printemps-en-mtc\\\/\"]}]},{\"@type\":\"ImageObject\",\"inLanguage\":\"fr-FR\",\"@id\":\"https:\\\/\\\/ki5.fr\\\/index.php\\\/2019\\\/02\\\/27\\\/a-quoi-correspond-la-saison-du-printemps-en-mtc\\\/#primaryimage\",\"url\":\"https:\\\/\\\/ki5.fr\\\/wp-content\\\/uploads\\\/2019\\\/02\\\/19620351_1695906497103702_5057166583262119140_o.jpg\",\"contentUrl\":\"https:\\\/\\\/ki5.fr\\\/wp-content\\\/uploads\\\/2019\\\/02\\\/19620351_1695906497103702_5057166583262119140_o.jpg\",\"width\":1600,\"height\":1000},{\"@type\":\"BreadcrumbList\",\"@id\":\"https:\\\/\\\/ki5.fr\\\/index.php\\\/2019\\\/02\\\/27\\\/a-quoi-correspond-la-saison-du-printemps-en-mtc\\\/#breadcrumb\",\"itemListElement\":[{\"@type\":\"ListItem\",\"position\":1,\"name\":\"Accueil\",\"item\":\"https:\\\/\\\/ki5.fr\\\/\"},{\"@type\":\"ListItem\",\"position\":2,\"name\":\"A quoi correspond la saison du printemps en MTC*\"}]},{\"@type\":\"WebSite\",\"@id\":\"https:\\\/\\\/ki5.fr\\\/#website\",\"url\":\"https:\\\/\\\/ki5.fr\\\/\",\"name\":\"Studio ki'5\",\"description\":\"Votre Studio d\u00e9di\u00e9 \u00e0 la Forme &amp; au Bien-\u00catre\",\"publisher\":{\"@id\":\"https:\\\/\\\/ki5.fr\\\/#organization\"},\"potentialAction\":[{\"@type\":\"SearchAction\",\"target\":{\"@type\":\"EntryPoint\",\"urlTemplate\":\"https:\\\/\\\/ki5.fr\\\/?s={search_term_string}\"},\"query-input\":{\"@type\":\"PropertyValueSpecification\",\"valueRequired\":true,\"valueName\":\"search_term_string\"}}],\"inLanguage\":\"fr-FR\"},{\"@type\":\"Organization\",\"@id\":\"https:\\\/\\\/ki5.fr\\\/#organization\",\"name\":\"Studio Ki'5\",\"url\":\"https:\\\/\\\/ki5.fr\\\/\",\"logo\":{\"@type\":\"ImageObject\",\"inLanguage\":\"fr-FR\",\"@id\":\"https:\\\/\\\/ki5.fr\\\/#\\\/schema\\\/logo\\\/image\\\/\",\"url\":\"http:\\\/\\\/ki5.fr\\\/wp-content\\\/uploads\\\/2018\\\/11\\\/SiglesiteKi5.jpg\",\"contentUrl\":\"http:\\\/\\\/ki5.fr\\\/wp-content\\\/uploads\\\/2018\\\/11\\\/SiglesiteKi5.jpg\",\"width\":1600,\"height\":1131,\"caption\":\"Studio Ki'5\"},\"image\":{\"@id\":\"https:\\\/\\\/ki5.fr\\\/#\\\/schema\\\/logo\\\/image\\\/\"},\"sameAs\":[\"https:\\\/\\\/www.facebook.com\\\/Studio-KI5-1740879346216167\\\/\"]},{\"@type\":\"Person\",\"@id\":\"https:\\\/\\\/ki5.fr\\\/#\\\/schema\\\/person\\\/48e5ee5fa811e2095ae212c2bc779d11\",\"name\":\"dywbxn tutu\",\"image\":{\"@type\":\"ImageObject\",\"inLanguage\":\"fr-FR\",\"@id\":\"https:\\\/\\\/ki5.fr\\\/wp-content\\\/litespeed\\\/avatar\\\/68d144e14802cbd202ab75b7815a35a6.jpg?ver=1777306508\",\"url\":\"https:\\\/\\\/ki5.fr\\\/wp-content\\\/litespeed\\\/avatar\\\/68d144e14802cbd202ab75b7815a35a6.jpg?ver=1777306508\",\"contentUrl\":\"https:\\\/\\\/ki5.fr\\\/wp-content\\\/litespeed\\\/avatar\\\/68d144e14802cbd202ab75b7815a35a6.jpg?ver=1777306508\",\"caption\":\"dywbxn tutu\"},\"url\":\"https:\\\/\\\/ki5.fr\\\/index.php\\\/author\\\/plmlocal\\\/\"}]}<\/script>\n<!-- \/ Yoast SEO plugin. -->","yoast_head_json":{"title":"A quoi correspond la saison du printemps en MTC* - Studio Ki&#039;5","robots":{"index":"index","follow":"follow","max-snippet":"max-snippet:-1","max-image-preview":"max-image-preview:large","max-video-preview":"max-video-preview:-1"},"canonical":"https:\/\/ki5.fr\/index.php\/2019\/02\/27\/a-quoi-correspond-la-saison-du-printemps-en-mtc\/","og_locale":"fr_FR","og_type":"article","og_title":"A quoi correspond la saison du printemps en MTC* - Studio Ki&#039;5","og_description":"C&#8217;est le printemps depuis le 04 f\u00e9vrier pour la m\u00e9decine traditionnelle chinoise* cela correspondant \u00e0 l&#8217;\u00e9l\u00e9ment bois, saison du foie \ud83c\udf31\ud83c\udf1e\ud83c\udf3e\ud83c\udf3b Place au temps pour le changement avec mod\u00e9ration \ud83d\ude09 Le printemps laisse la place au renouveau. C&#8217;est la p\u00e9riode de la renaissance, la nature s&#8217;\u00e9veille. Les animaux sortent de leur hibernation, les feuilles repoussent, [&hellip;]","og_url":"https:\/\/ki5.fr\/index.php\/2019\/02\/27\/a-quoi-correspond-la-saison-du-printemps-en-mtc\/","og_site_name":"Studio Ki&#039;5","article_publisher":"https:\/\/www.facebook.com\/Studio-KI5-1740879346216167\/","article_published_time":"2019-02-27T09:58:36+00:00","article_modified_time":"2019-02-27T10:01:00+00:00","og_image":[{"width":1600,"height":1000,"url":"https:\/\/ki5.fr\/wp-content\/uploads\/2019\/02\/19620351_1695906497103702_5057166583262119140_o.jpg","type":"image\/jpeg"}],"author":"dywbxn tutu","twitter_card":"summary_large_image","twitter_misc":{"\u00c9crit par":"dywbxn tutu","Dur\u00e9e de lecture estim\u00e9e":"1 minute"},"schema":{"@context":"https:\/\/schema.org","@graph":[{"@type":"Article","@id":"https:\/\/ki5.fr\/index.php\/2019\/02\/27\/a-quoi-correspond-la-saison-du-printemps-en-mtc\/#article","isPartOf":{"@id":"https:\/\/ki5.fr\/index.php\/2019\/02\/27\/a-quoi-correspond-la-saison-du-printemps-en-mtc\/"},"author":{"name":"dywbxn tutu","@id":"https:\/\/ki5.fr\/#\/schema\/person\/48e5ee5fa811e2095ae212c2bc779d11"},"headline":"A quoi correspond la saison du printemps en MTC*","datePublished":"2019-02-27T09:58:36+00:00","dateModified":"2019-02-27T10:01:00+00:00","mainEntityOfPage":{"@id":"https:\/\/ki5.fr\/index.php\/2019\/02\/27\/a-quoi-correspond-la-saison-du-printemps-en-mtc\/"},"wordCount":311,"commentCount":0,"publisher":{"@id":"https:\/\/ki5.fr\/#organization"},"image":{"@id":"https:\/\/ki5.fr\/index.php\/2019\/02\/27\/a-quoi-correspond-la-saison-du-printemps-en-mtc\/#primaryimage"},"thumbnailUrl":"https:\/\/ki5.fr\/wp-content\/uploads\/2019\/02\/19620351_1695906497103702_5057166583262119140_o.jpg","inLanguage":"fr-FR","potentialAction":[{"@type":"CommentAction","name":"Comment","target":["https:\/\/ki5.fr\/index.php\/2019\/02\/27\/a-quoi-correspond-la-saison-du-printemps-en-mtc\/#respond"]}]},{"@type":"WebPage","@id":"https:\/\/ki5.fr\/index.php\/2019\/02\/27\/a-quoi-correspond-la-saison-du-printemps-en-mtc\/","url":"https:\/\/ki5.fr\/index.php\/2019\/02\/27\/a-quoi-correspond-la-saison-du-printemps-en-mtc\/","name":"A quoi correspond la saison du printemps en MTC* - Studio Ki&#039;5","isPartOf":{"@id":"https:\/\/ki5.fr\/#website"},"primaryImageOfPage":{"@id":"https:\/\/ki5.fr\/index.php\/2019\/02\/27\/a-quoi-correspond-la-saison-du-printemps-en-mtc\/#primaryimage"},"image":{"@id":"https:\/\/ki5.fr\/index.php\/2019\/02\/27\/a-quoi-correspond-la-saison-du-printemps-en-mtc\/#primaryimage"},"thumbnailUrl":"https:\/\/ki5.fr\/wp-content\/uploads\/2019\/02\/19620351_1695906497103702_5057166583262119140_o.jpg","datePublished":"2019-02-27T09:58:36+00:00","dateModified":"2019-02-27T10:01:00+00:00","breadcrumb":{"@id":"https:\/\/ki5.fr\/index.php\/2019\/02\/27\/a-quoi-correspond-la-saison-du-printemps-en-mtc\/#breadcrumb"},"inLanguage":"fr-FR","potentialAction":[{"@type":"ReadAction","target":["https:\/\/ki5.fr\/index.php\/2019\/02\/27\/a-quoi-correspond-la-saison-du-printemps-en-mtc\/"]}]},{"@type":"ImageObject","inLanguage":"fr-FR","@id":"https:\/\/ki5.fr\/index.php\/2019\/02\/27\/a-quoi-correspond-la-saison-du-printemps-en-mtc\/#primaryimage","url":"https:\/\/ki5.fr\/wp-content\/uploads\/2019\/02\/19620351_1695906497103702_5057166583262119140_o.jpg","contentUrl":"https:\/\/ki5.fr\/wp-content\/uploads\/2019\/02\/19620351_1695906497103702_5057166583262119140_o.jpg","width":1600,"height":1000},{"@type":"BreadcrumbList","@id":"https:\/\/ki5.fr\/index.php\/2019\/02\/27\/a-quoi-correspond-la-saison-du-printemps-en-mtc\/#breadcrumb","itemListElement":[{"@type":"ListItem","position":1,"name":"Accueil","item":"https:\/\/ki5.fr\/"},{"@type":"ListItem","position":2,"name":"A quoi correspond la saison du printemps en MTC*"}]},{"@type":"WebSite","@id":"https:\/\/ki5.fr\/#website","url":"https:\/\/ki5.fr\/","name":"Studio ki'5","description":"Votre Studio d\u00e9di\u00e9 \u00e0 la Forme &amp; au Bien-\u00catre","publisher":{"@id":"https:\/\/ki5.fr\/#organization"},"potentialAction":[{"@type":"SearchAction","target":{"@type":"EntryPoint","urlTemplate":"https:\/\/ki5.fr\/?s={search_term_string}"},"query-input":{"@type":"PropertyValueSpecification","valueRequired":true,"valueName":"search_term_string"}}],"inLanguage":"fr-FR"},{"@type":"Organization","@id":"https:\/\/ki5.fr\/#organization","name":"Studio Ki'5","url":"https:\/\/ki5.fr\/","logo":{"@type":"ImageObject","inLanguage":"fr-FR","@id":"https:\/\/ki5.fr\/#\/schema\/logo\/image\/","url":"http:\/\/ki5.fr\/wp-content\/uploads\/2018\/11\/SiglesiteKi5.jpg","contentUrl":"http:\/\/ki5.fr\/wp-content\/uploads\/2018\/11\/SiglesiteKi5.jpg","width":1600,"height":1131,"caption":"Studio Ki'5"},"image":{"@id":"https:\/\/ki5.fr\/#\/schema\/logo\/image\/"},"sameAs":["https:\/\/www.facebook.com\/Studio-KI5-1740879346216167\/"]},{"@type":"Person","@id":"https:\/\/ki5.fr\/#\/schema\/person\/48e5ee5fa811e2095ae212c2bc779d11","name":"dywbxn tutu","image":{"@type":"ImageObject","inLanguage":"fr-FR","@id":"https:\/\/ki5.fr\/wp-content\/litespeed\/avatar\/68d144e14802cbd202ab75b7815a35a6.jpg?ver=1777306508","url":"https:\/\/ki5.fr\/wp-content\/litespeed\/avatar\/68d144e14802cbd202ab75b7815a35a6.jpg?ver=1777306508","contentUrl":"https:\/\/ki5.fr\/wp-content\/litespeed\/avatar\/68d144e14802cbd202ab75b7815a35a6.jpg?ver=1777306508","caption":"dywbxn tutu"},"url":"https:\/\/ki5.fr\/index.php\/author\/plmlocal\/"}]}},"_links":{"self":[{"href":"https:\/\/ki5.fr\/index.php\/wp-json\/wp\/v2\/posts\/1998","targetHints":{"allow":["GET"]}}],"collection":[{"href":"https:\/\/ki5.fr\/index.php\/wp-json\/wp\/v2\/posts"}],"about":[{"href":"https:\/\/ki5.fr\/index.php\/wp-json\/wp\/v2\/types\/post"}],"author":[{"embeddable":true,"href":"https:\/\/ki5.fr\/index.php\/wp-json\/wp\/v2\/users\/1"}],"replies":[{"embeddable":true,"href":"https:\/\/ki5.fr\/index.php\/wp-json\/wp\/v2\/comments?post=1998"}],"version-history":[{"count":0,"href":"https:\/\/ki5.fr\/index.php\/wp-json\/wp\/v2\/posts\/1998\/revisions"}],"wp:featuredmedia":[{"embeddable":true,"href":"https:\/\/ki5.fr\/index.php\/wp-json\/wp\/v2\/media\/1999"}],"wp:attachment":[{"href":"https:\/\/ki5.fr\/index.php\/wp-json\/wp\/v2\/media?parent=1998"}],"wp:term":[{"taxonomy":"category","embeddable":true,"href":"https:\/\/ki5.fr\/index.php\/wp-json\/wp\/v2\/categories?post=1998"},{"taxonomy":"post_tag","embeddable":true,"href":"https:\/\/ki5.fr\/index.php\/wp-json\/wp\/v2\/tags?post=1998"}],"curies":[{"name":"wp","href":"https:\/\/api.w.org\/{rel}","templated":true}]}}