{"id":2222,"date":"2019-05-09T18:27:33","date_gmt":"2019-05-09T16:27:33","guid":{"rendered":"http:\/\/ki5.fr\/?p=2222"},"modified":"2019-05-09T18:32:23","modified_gmt":"2019-05-09T16:32:23","slug":"prendre-conscience-du-moment-present","status":"publish","type":"post","link":"https:\/\/ki5.fr\/index.php\/2019\/05\/09\/prendre-conscience-du-moment-present\/","title":{"rendered":"Prendre conscience du Moment Pr\u00e9sent"},"content":{"rendered":"\n<p> Nous passons notre temps \u00e0 courir et ne sommes jamais compl\u00e8tement dans ce que nous faisons&#8230;.Prenons le temps \ud83d\ude09<\/p>\n\n\n\n<p> Vivre, c&#8217;est vivre l&#8217;instant pr\u00e9sent. On ne peut pas vivre dans le pass\u00e9 ni le futur: on ne peut qu&#8217;y r\u00e9fl\u00e9chir c&#8217;est tout.<\/p>\n\n\n\n<p> Mais qu&#8217;est ce que le moment pr\u00e9sent \ud83e\udd14<\/p>\n\n\n\n<p> C&#8217;est le maintenant, juste l\u00e0 maintenant. Oui, l&#8217;avant n&#8217;existe d\u00e9j\u00e0 plus et tout \u00e0 l&#8217;heure ce sera autre chose&#8230;<\/p>\n\n\n\n<p> Il nous faut simplement d\u00e9couvrir comment ramener notre corps &amp; notre esprit dans l&#8217;instant pr\u00e9sent<\/p>\n\n\n\n<p> Comment \ud83d\udca1<\/p>\n\n\n\n<p> Suspendez ce que vous \u00e9tiez entrain de faire&#8230;<\/p>\n\n\n\n<p> Voici une premi\u00e8re approche:<\/p>\n\n\n\n<p>\n Restez assis confortablement o\u00f9 vous \u00eates. Redressez vous doucement \ncomme si un fil vous tirez vers le plafond. Votre dos, votre t\u00eate sont \nalign\u00e9es sans raideur. Les \u00e9paules tombent naturellement sur le c\u00f4t\u00e9 \nloin de vos oreilles. Vos mains sont pos\u00e9es au niveau de vos cuisses. Ne\n faites rien.<\/p>\n\n\n\n<p> Ne cherchez pas \u00e0 contr\u00f4ler votre respiration&#8230;.laissez juste votre souffle aller et venir.<\/p>\n\n\n\n<p> Ne r\u00e9fl\u00e9chissez pas \u00e0 votre souffle, ressentez le simplement.<\/p>\n\n\n\n<p>\n Prenez conscience lors de votre inspiration que votre ventre se gonfle \net que vos c\u00f4tes s&#8217;ouvrent et lors de l&#8217;expiration votre ventre se \nd\u00e9gonfle ainsi que vos c\u00f4tes. Ressentez ces mouvements naturels&#8230;chaque\n respiration est unique, chaque respiration est un nouveau moment.<\/p>\n\n\n\n<p> Sentez tout votre corps respirer.<\/p>\n\n\n\n<p>\n Si votre attention s&#8217;en va car des images ou des pens\u00e9es apparaissent ,\n ce n&#8217;est pas grave, c&#8217;est normal. Laissez les passer et remettez votre \nattention sur votre respiration. Ce va et vient va se faire plusieurs \nfois mais au fil du temps il se r\u00e9duira&#8230;<\/p>\n\n\n\n<p> Faites cela pendant \nquelques minutes, au bout d&#8217;un moment vous allez ressentir un changement\n au niveau de votre respiration, de votre ressenti. La d\u00e9tente va faire \nson apparition. Prenez en simplement conscience et profiter.<\/p>\n\n\n\n<p> Allez y, testez vous verrez \ud83d\udc4d<\/p>\n\n\n\n<p>Au studio apprenez \u00e0 vivre le moment pr\u00e9sent avec le Pilates et\/ou le Shiatsu.<\/p>\n\n\n\n<p>Prenez soin de vous et de vos proches  \ud83d\ude01 <\/p>\n","protected":false},"excerpt":{"rendered":"<p>Nous passons notre temps \u00e0 courir et ne sommes jamais compl\u00e8tement dans ce que nous faisons&#8230;.Prenons le temps \ud83d\ude09 Vivre, c&#8217;est vivre l&#8217;instant pr\u00e9sent. On ne peut pas vivre dans le pass\u00e9 ni le futur: on ne peut qu&#8217;y r\u00e9fl\u00e9chir c&#8217;est tout. Mais qu&#8217;est ce que le moment pr\u00e9sent \ud83e\udd14 C&#8217;est le maintenant, juste l\u00e0 [&hellip;]<\/p>\n","protected":false},"author":1,"featured_media":2223,"comment_status":"open","ping_status":"open","sticky":false,"template":"","format":"standard","meta":{"site-sidebar-layout":"default","site-content-layout":"","ast-site-content-layout":"default","site-content-style":"default","site-sidebar-style":"default","ast-global-header-display":"","ast-banner-title-visibility":"","ast-main-header-display":"","ast-hfb-above-header-display":"","ast-hfb-below-header-display":"","ast-hfb-mobile-header-display":"","site-post-title":"","ast-breadcrumbs-content":"","ast-featured-img":"","footer-sml-layout":"","ast-disable-related-posts":"","theme-transparent-header-meta":"","adv-header-id-meta":"","stick-header-meta":"","header-above-stick-meta":"","header-main-stick-meta":"","header-below-stick-meta":"","astra-migrate-meta-layouts":"default","ast-page-background-enabled":"default","ast-page-background-meta":{"desktop":{"background-color":"var(--ast-global-color-4)","background-image":"","background-repeat":"repeat","background-position":"center center","background-size":"auto","background-attachment":"scroll","background-type":"","background-media":"","overlay-type":"","overlay-color":"","overlay-opacity":"","overlay-gradient":""},"tablet":{"background-color":"","background-image":"","background-repeat":"repeat","background-position":"center center","background-size":"auto","background-attachment":"scroll","background-type":"","background-media":"","overlay-type":"","overlay-color":"","overlay-opacity":"","overlay-gradient":""},"mobile":{"background-color":"","background-image":"","background-repeat":"repeat","background-position":"center center","background-size":"auto","background-attachment":"scroll","background-type":"","background-media":"","overlay-type":"","overlay-color":"","overlay-opacity":"","overlay-gradient":""}},"ast-content-background-meta":{"desktop":{"background-color":"var(--ast-global-color-5)","background-image":"","background-repeat":"repeat","background-position":"center center","background-size":"auto","background-attachment":"scroll","background-type":"","background-media":"","overlay-type":"","overlay-color":"","overlay-opacity":"","overlay-gradient":""},"tablet":{"background-color":"var(--ast-global-color-5)","background-image":"","background-repeat":"repeat","background-position":"center center","background-size":"auto","background-attachment":"scroll","background-type":"","background-media":"","overlay-type":"","overlay-color":"","overlay-opacity":"","overlay-gradient":""},"mobile":{"background-color":"var(--ast-global-color-5)","background-image":"","background-repeat":"repeat","background-position":"center center","background-size":"auto","background-attachment":"scroll","background-type":"","background-media":"","overlay-type":"","overlay-color":"","overlay-opacity":"","overlay-gradient":""}},"footnotes":""},"categories":[1],"tags":[],"class_list":["post-2222","post","type-post","status-publish","format-standard","has-post-thumbnail","hentry","category-non-classe"],"yoast_head":"<!-- This site is optimized with the Yoast SEO plugin v27.5 - https:\/\/yoast.com\/product\/yoast-seo-wordpress\/ -->\n<title>Prendre conscience du Moment Pr\u00e9sent - Studio Ki&#039;5<\/title>\n<meta name=\"robots\" content=\"index, follow, max-snippet:-1, max-image-preview:large, max-video-preview:-1\" \/>\n<link rel=\"canonical\" href=\"https:\/\/ki5.fr\/index.php\/2019\/05\/09\/prendre-conscience-du-moment-present\/\" \/>\n<meta property=\"og:locale\" content=\"fr_FR\" \/>\n<meta property=\"og:type\" content=\"article\" \/>\n<meta property=\"og:title\" content=\"Prendre conscience du Moment Pr\u00e9sent - Studio Ki&#039;5\" \/>\n<meta property=\"og:description\" content=\"Nous passons notre temps \u00e0 courir et ne sommes jamais compl\u00e8tement dans ce que nous faisons&#8230;.Prenons le temps \ud83d\ude09 Vivre, c&#8217;est vivre l&#8217;instant pr\u00e9sent. On ne peut pas vivre dans le pass\u00e9 ni le futur: on ne peut qu&#8217;y r\u00e9fl\u00e9chir c&#8217;est tout. Mais qu&#8217;est ce que le moment pr\u00e9sent \ud83e\udd14 C&#8217;est le maintenant, juste l\u00e0 [&hellip;]\" \/>\n<meta property=\"og:url\" content=\"https:\/\/ki5.fr\/index.php\/2019\/05\/09\/prendre-conscience-du-moment-present\/\" \/>\n<meta property=\"og:site_name\" content=\"Studio Ki&#039;5\" \/>\n<meta property=\"article:publisher\" content=\"https:\/\/www.facebook.com\/Studio-KI5-1740879346216167\/\" \/>\n<meta property=\"article:published_time\" content=\"2019-05-09T16:27:33+00:00\" \/>\n<meta property=\"article:modified_time\" content=\"2019-05-09T16:32:23+00:00\" \/>\n<meta property=\"og:image\" content=\"https:\/\/ki5.fr\/wp-content\/uploads\/2019\/05\/homme-meditant-salle-reunion.jpg\" \/>\n\t<meta property=\"og:image:width\" content=\"1600\" \/>\n\t<meta property=\"og:image:height\" content=\"941\" \/>\n\t<meta property=\"og:image:type\" content=\"image\/jpeg\" \/>\n<meta name=\"author\" content=\"dywbxn tutu\" \/>\n<meta name=\"twitter:card\" content=\"summary_large_image\" \/>\n<meta name=\"twitter:label1\" content=\"\u00c9crit par\" \/>\n\t<meta name=\"twitter:data1\" content=\"dywbxn tutu\" \/>\n\t<meta name=\"twitter:label2\" content=\"Dur\u00e9e de lecture estim\u00e9e\" \/>\n\t<meta name=\"twitter:data2\" content=\"2 minutes\" \/>\n<script type=\"application\/ld+json\" class=\"yoast-schema-graph\">{\"@context\":\"https:\\\/\\\/schema.org\",\"@graph\":[{\"@type\":\"Article\",\"@id\":\"https:\\\/\\\/ki5.fr\\\/index.php\\\/2019\\\/05\\\/09\\\/prendre-conscience-du-moment-present\\\/#article\",\"isPartOf\":{\"@id\":\"https:\\\/\\\/ki5.fr\\\/index.php\\\/2019\\\/05\\\/09\\\/prendre-conscience-du-moment-present\\\/\"},\"author\":{\"name\":\"dywbxn tutu\",\"@id\":\"https:\\\/\\\/ki5.fr\\\/#\\\/schema\\\/person\\\/48e5ee5fa811e2095ae212c2bc779d11\"},\"headline\":\"Prendre conscience du Moment Pr\u00e9sent\",\"datePublished\":\"2019-05-09T16:27:33+00:00\",\"dateModified\":\"2019-05-09T16:32:23+00:00\",\"mainEntityOfPage\":{\"@id\":\"https:\\\/\\\/ki5.fr\\\/index.php\\\/2019\\\/05\\\/09\\\/prendre-conscience-du-moment-present\\\/\"},\"wordCount\":362,\"commentCount\":0,\"publisher\":{\"@id\":\"https:\\\/\\\/ki5.fr\\\/#organization\"},\"image\":{\"@id\":\"https:\\\/\\\/ki5.fr\\\/index.php\\\/2019\\\/05\\\/09\\\/prendre-conscience-du-moment-present\\\/#primaryimage\"},\"thumbnailUrl\":\"https:\\\/\\\/ki5.fr\\\/wp-content\\\/uploads\\\/2019\\\/05\\\/homme-meditant-salle-reunion.jpg\",\"inLanguage\":\"fr-FR\",\"potentialAction\":[{\"@type\":\"CommentAction\",\"name\":\"Comment\",\"target\":[\"https:\\\/\\\/ki5.fr\\\/index.php\\\/2019\\\/05\\\/09\\\/prendre-conscience-du-moment-present\\\/#respond\"]}]},{\"@type\":\"WebPage\",\"@id\":\"https:\\\/\\\/ki5.fr\\\/index.php\\\/2019\\\/05\\\/09\\\/prendre-conscience-du-moment-present\\\/\",\"url\":\"https:\\\/\\\/ki5.fr\\\/index.php\\\/2019\\\/05\\\/09\\\/prendre-conscience-du-moment-present\\\/\",\"name\":\"Prendre conscience du Moment Pr\u00e9sent - Studio Ki&#039;5\",\"isPartOf\":{\"@id\":\"https:\\\/\\\/ki5.fr\\\/#website\"},\"primaryImageOfPage\":{\"@id\":\"https:\\\/\\\/ki5.fr\\\/index.php\\\/2019\\\/05\\\/09\\\/prendre-conscience-du-moment-present\\\/#primaryimage\"},\"image\":{\"@id\":\"https:\\\/\\\/ki5.fr\\\/index.php\\\/2019\\\/05\\\/09\\\/prendre-conscience-du-moment-present\\\/#primaryimage\"},\"thumbnailUrl\":\"https:\\\/\\\/ki5.fr\\\/wp-content\\\/uploads\\\/2019\\\/05\\\/homme-meditant-salle-reunion.jpg\",\"datePublished\":\"2019-05-09T16:27:33+00:00\",\"dateModified\":\"2019-05-09T16:32:23+00:00\",\"breadcrumb\":{\"@id\":\"https:\\\/\\\/ki5.fr\\\/index.php\\\/2019\\\/05\\\/09\\\/prendre-conscience-du-moment-present\\\/#breadcrumb\"},\"inLanguage\":\"fr-FR\",\"potentialAction\":[{\"@type\":\"ReadAction\",\"target\":[\"https:\\\/\\\/ki5.fr\\\/index.php\\\/2019\\\/05\\\/09\\\/prendre-conscience-du-moment-present\\\/\"]}]},{\"@type\":\"ImageObject\",\"inLanguage\":\"fr-FR\",\"@id\":\"https:\\\/\\\/ki5.fr\\\/index.php\\\/2019\\\/05\\\/09\\\/prendre-conscience-du-moment-present\\\/#primaryimage\",\"url\":\"https:\\\/\\\/ki5.fr\\\/wp-content\\\/uploads\\\/2019\\\/05\\\/homme-meditant-salle-reunion.jpg\",\"contentUrl\":\"https:\\\/\\\/ki5.fr\\\/wp-content\\\/uploads\\\/2019\\\/05\\\/homme-meditant-salle-reunion.jpg\",\"width\":1600,\"height\":941},{\"@type\":\"BreadcrumbList\",\"@id\":\"https:\\\/\\\/ki5.fr\\\/index.php\\\/2019\\\/05\\\/09\\\/prendre-conscience-du-moment-present\\\/#breadcrumb\",\"itemListElement\":[{\"@type\":\"ListItem\",\"position\":1,\"name\":\"Accueil\",\"item\":\"https:\\\/\\\/ki5.fr\\\/\"},{\"@type\":\"ListItem\",\"position\":2,\"name\":\"Prendre conscience du Moment Pr\u00e9sent\"}]},{\"@type\":\"WebSite\",\"@id\":\"https:\\\/\\\/ki5.fr\\\/#website\",\"url\":\"https:\\\/\\\/ki5.fr\\\/\",\"name\":\"Studio ki'5\",\"description\":\"Votre Studio d\u00e9di\u00e9 \u00e0 la Forme &amp; au Bien-\u00catre\",\"publisher\":{\"@id\":\"https:\\\/\\\/ki5.fr\\\/#organization\"},\"potentialAction\":[{\"@type\":\"SearchAction\",\"target\":{\"@type\":\"EntryPoint\",\"urlTemplate\":\"https:\\\/\\\/ki5.fr\\\/?s={search_term_string}\"},\"query-input\":{\"@type\":\"PropertyValueSpecification\",\"valueRequired\":true,\"valueName\":\"search_term_string\"}}],\"inLanguage\":\"fr-FR\"},{\"@type\":\"Organization\",\"@id\":\"https:\\\/\\\/ki5.fr\\\/#organization\",\"name\":\"Studio Ki'5\",\"url\":\"https:\\\/\\\/ki5.fr\\\/\",\"logo\":{\"@type\":\"ImageObject\",\"inLanguage\":\"fr-FR\",\"@id\":\"https:\\\/\\\/ki5.fr\\\/#\\\/schema\\\/logo\\\/image\\\/\",\"url\":\"http:\\\/\\\/ki5.fr\\\/wp-content\\\/uploads\\\/2018\\\/11\\\/SiglesiteKi5.jpg\",\"contentUrl\":\"http:\\\/\\\/ki5.fr\\\/wp-content\\\/uploads\\\/2018\\\/11\\\/SiglesiteKi5.jpg\",\"width\":1600,\"height\":1131,\"caption\":\"Studio Ki'5\"},\"image\":{\"@id\":\"https:\\\/\\\/ki5.fr\\\/#\\\/schema\\\/logo\\\/image\\\/\"},\"sameAs\":[\"https:\\\/\\\/www.facebook.com\\\/Studio-KI5-1740879346216167\\\/\"]},{\"@type\":\"Person\",\"@id\":\"https:\\\/\\\/ki5.fr\\\/#\\\/schema\\\/person\\\/48e5ee5fa811e2095ae212c2bc779d11\",\"name\":\"dywbxn tutu\",\"image\":{\"@type\":\"ImageObject\",\"inLanguage\":\"fr-FR\",\"@id\":\"https:\\\/\\\/ki5.fr\\\/wp-content\\\/litespeed\\\/avatar\\\/68d144e14802cbd202ab75b7815a35a6.jpg?ver=1777306508\",\"url\":\"https:\\\/\\\/ki5.fr\\\/wp-content\\\/litespeed\\\/avatar\\\/68d144e14802cbd202ab75b7815a35a6.jpg?ver=1777306508\",\"contentUrl\":\"https:\\\/\\\/ki5.fr\\\/wp-content\\\/litespeed\\\/avatar\\\/68d144e14802cbd202ab75b7815a35a6.jpg?ver=1777306508\",\"caption\":\"dywbxn tutu\"},\"url\":\"https:\\\/\\\/ki5.fr\\\/index.php\\\/author\\\/plmlocal\\\/\"}]}<\/script>\n<!-- \/ Yoast SEO plugin. -->","yoast_head_json":{"title":"Prendre conscience du Moment Pr\u00e9sent - Studio Ki&#039;5","robots":{"index":"index","follow":"follow","max-snippet":"max-snippet:-1","max-image-preview":"max-image-preview:large","max-video-preview":"max-video-preview:-1"},"canonical":"https:\/\/ki5.fr\/index.php\/2019\/05\/09\/prendre-conscience-du-moment-present\/","og_locale":"fr_FR","og_type":"article","og_title":"Prendre conscience du Moment Pr\u00e9sent - Studio Ki&#039;5","og_description":"Nous passons notre temps \u00e0 courir et ne sommes jamais compl\u00e8tement dans ce que nous faisons&#8230;.Prenons le temps \ud83d\ude09 Vivre, c&#8217;est vivre l&#8217;instant pr\u00e9sent. On ne peut pas vivre dans le pass\u00e9 ni le futur: on ne peut qu&#8217;y r\u00e9fl\u00e9chir c&#8217;est tout. Mais qu&#8217;est ce que le moment pr\u00e9sent \ud83e\udd14 C&#8217;est le maintenant, juste l\u00e0 [&hellip;]","og_url":"https:\/\/ki5.fr\/index.php\/2019\/05\/09\/prendre-conscience-du-moment-present\/","og_site_name":"Studio Ki&#039;5","article_publisher":"https:\/\/www.facebook.com\/Studio-KI5-1740879346216167\/","article_published_time":"2019-05-09T16:27:33+00:00","article_modified_time":"2019-05-09T16:32:23+00:00","og_image":[{"width":1600,"height":941,"url":"https:\/\/ki5.fr\/wp-content\/uploads\/2019\/05\/homme-meditant-salle-reunion.jpg","type":"image\/jpeg"}],"author":"dywbxn tutu","twitter_card":"summary_large_image","twitter_misc":{"\u00c9crit par":"dywbxn tutu","Dur\u00e9e de lecture estim\u00e9e":"2 minutes"},"schema":{"@context":"https:\/\/schema.org","@graph":[{"@type":"Article","@id":"https:\/\/ki5.fr\/index.php\/2019\/05\/09\/prendre-conscience-du-moment-present\/#article","isPartOf":{"@id":"https:\/\/ki5.fr\/index.php\/2019\/05\/09\/prendre-conscience-du-moment-present\/"},"author":{"name":"dywbxn tutu","@id":"https:\/\/ki5.fr\/#\/schema\/person\/48e5ee5fa811e2095ae212c2bc779d11"},"headline":"Prendre conscience du Moment Pr\u00e9sent","datePublished":"2019-05-09T16:27:33+00:00","dateModified":"2019-05-09T16:32:23+00:00","mainEntityOfPage":{"@id":"https:\/\/ki5.fr\/index.php\/2019\/05\/09\/prendre-conscience-du-moment-present\/"},"wordCount":362,"commentCount":0,"publisher":{"@id":"https:\/\/ki5.fr\/#organization"},"image":{"@id":"https:\/\/ki5.fr\/index.php\/2019\/05\/09\/prendre-conscience-du-moment-present\/#primaryimage"},"thumbnailUrl":"https:\/\/ki5.fr\/wp-content\/uploads\/2019\/05\/homme-meditant-salle-reunion.jpg","inLanguage":"fr-FR","potentialAction":[{"@type":"CommentAction","name":"Comment","target":["https:\/\/ki5.fr\/index.php\/2019\/05\/09\/prendre-conscience-du-moment-present\/#respond"]}]},{"@type":"WebPage","@id":"https:\/\/ki5.fr\/index.php\/2019\/05\/09\/prendre-conscience-du-moment-present\/","url":"https:\/\/ki5.fr\/index.php\/2019\/05\/09\/prendre-conscience-du-moment-present\/","name":"Prendre conscience du Moment Pr\u00e9sent - Studio Ki&#039;5","isPartOf":{"@id":"https:\/\/ki5.fr\/#website"},"primaryImageOfPage":{"@id":"https:\/\/ki5.fr\/index.php\/2019\/05\/09\/prendre-conscience-du-moment-present\/#primaryimage"},"image":{"@id":"https:\/\/ki5.fr\/index.php\/2019\/05\/09\/prendre-conscience-du-moment-present\/#primaryimage"},"thumbnailUrl":"https:\/\/ki5.fr\/wp-content\/uploads\/2019\/05\/homme-meditant-salle-reunion.jpg","datePublished":"2019-05-09T16:27:33+00:00","dateModified":"2019-05-09T16:32:23+00:00","breadcrumb":{"@id":"https:\/\/ki5.fr\/index.php\/2019\/05\/09\/prendre-conscience-du-moment-present\/#breadcrumb"},"inLanguage":"fr-FR","potentialAction":[{"@type":"ReadAction","target":["https:\/\/ki5.fr\/index.php\/2019\/05\/09\/prendre-conscience-du-moment-present\/"]}]},{"@type":"ImageObject","inLanguage":"fr-FR","@id":"https:\/\/ki5.fr\/index.php\/2019\/05\/09\/prendre-conscience-du-moment-present\/#primaryimage","url":"https:\/\/ki5.fr\/wp-content\/uploads\/2019\/05\/homme-meditant-salle-reunion.jpg","contentUrl":"https:\/\/ki5.fr\/wp-content\/uploads\/2019\/05\/homme-meditant-salle-reunion.jpg","width":1600,"height":941},{"@type":"BreadcrumbList","@id":"https:\/\/ki5.fr\/index.php\/2019\/05\/09\/prendre-conscience-du-moment-present\/#breadcrumb","itemListElement":[{"@type":"ListItem","position":1,"name":"Accueil","item":"https:\/\/ki5.fr\/"},{"@type":"ListItem","position":2,"name":"Prendre conscience du Moment Pr\u00e9sent"}]},{"@type":"WebSite","@id":"https:\/\/ki5.fr\/#website","url":"https:\/\/ki5.fr\/","name":"Studio ki'5","description":"Votre Studio d\u00e9di\u00e9 \u00e0 la Forme &amp; au Bien-\u00catre","publisher":{"@id":"https:\/\/ki5.fr\/#organization"},"potentialAction":[{"@type":"SearchAction","target":{"@type":"EntryPoint","urlTemplate":"https:\/\/ki5.fr\/?s={search_term_string}"},"query-input":{"@type":"PropertyValueSpecification","valueRequired":true,"valueName":"search_term_string"}}],"inLanguage":"fr-FR"},{"@type":"Organization","@id":"https:\/\/ki5.fr\/#organization","name":"Studio Ki'5","url":"https:\/\/ki5.fr\/","logo":{"@type":"ImageObject","inLanguage":"fr-FR","@id":"https:\/\/ki5.fr\/#\/schema\/logo\/image\/","url":"http:\/\/ki5.fr\/wp-content\/uploads\/2018\/11\/SiglesiteKi5.jpg","contentUrl":"http:\/\/ki5.fr\/wp-content\/uploads\/2018\/11\/SiglesiteKi5.jpg","width":1600,"height":1131,"caption":"Studio Ki'5"},"image":{"@id":"https:\/\/ki5.fr\/#\/schema\/logo\/image\/"},"sameAs":["https:\/\/www.facebook.com\/Studio-KI5-1740879346216167\/"]},{"@type":"Person","@id":"https:\/\/ki5.fr\/#\/schema\/person\/48e5ee5fa811e2095ae212c2bc779d11","name":"dywbxn tutu","image":{"@type":"ImageObject","inLanguage":"fr-FR","@id":"https:\/\/ki5.fr\/wp-content\/litespeed\/avatar\/68d144e14802cbd202ab75b7815a35a6.jpg?ver=1777306508","url":"https:\/\/ki5.fr\/wp-content\/litespeed\/avatar\/68d144e14802cbd202ab75b7815a35a6.jpg?ver=1777306508","contentUrl":"https:\/\/ki5.fr\/wp-content\/litespeed\/avatar\/68d144e14802cbd202ab75b7815a35a6.jpg?ver=1777306508","caption":"dywbxn tutu"},"url":"https:\/\/ki5.fr\/index.php\/author\/plmlocal\/"}]}},"_links":{"self":[{"href":"https:\/\/ki5.fr\/index.php\/wp-json\/wp\/v2\/posts\/2222","targetHints":{"allow":["GET"]}}],"collection":[{"href":"https:\/\/ki5.fr\/index.php\/wp-json\/wp\/v2\/posts"}],"about":[{"href":"https:\/\/ki5.fr\/index.php\/wp-json\/wp\/v2\/types\/post"}],"author":[{"embeddable":true,"href":"https:\/\/ki5.fr\/index.php\/wp-json\/wp\/v2\/users\/1"}],"replies":[{"embeddable":true,"href":"https:\/\/ki5.fr\/index.php\/wp-json\/wp\/v2\/comments?post=2222"}],"version-history":[{"count":0,"href":"https:\/\/ki5.fr\/index.php\/wp-json\/wp\/v2\/posts\/2222\/revisions"}],"wp:featuredmedia":[{"embeddable":true,"href":"https:\/\/ki5.fr\/index.php\/wp-json\/wp\/v2\/media\/2223"}],"wp:attachment":[{"href":"https:\/\/ki5.fr\/index.php\/wp-json\/wp\/v2\/media?parent=2222"}],"wp:term":[{"taxonomy":"category","embeddable":true,"href":"https:\/\/ki5.fr\/index.php\/wp-json\/wp\/v2\/categories?post=2222"},{"taxonomy":"post_tag","embeddable":true,"href":"https:\/\/ki5.fr\/index.php\/wp-json\/wp\/v2\/tags?post=2222"}],"curies":[{"name":"wp","href":"https:\/\/api.w.org\/{rel}","templated":true}]}}